{"id":7013,"date":"2022-09-26T14:53:27","date_gmt":"2022-09-26T14:53:27","guid":{"rendered":"https:\/\/mindmuseum.at\/?p=7013"},"modified":"2022-09-28T11:59:31","modified_gmt":"2022-09-28T11:59:31","slug":"veraenderungen","status":"publish","type":"post","link":"https:\/\/mindmuseum.at\/index.php\/2022\/09\/26\/veraenderungen\/","title":{"rendered":"Ver\u00e4nderungen"},"content":{"rendered":"\t\t<div data-elementor-type=\"wp-post\" data-elementor-id=\"7013\" class=\"elementor elementor-7013\">\n\t\t\t\t\t\t<section class=\"elementor-section elementor-top-section elementor-element elementor-element-9f39b39 elementor-section-boxed elementor-section-height-default elementor-section-height-default\" data-id=\"9f39b39\" data-element_type=\"section\">\n\t\t\t\t\t\t<div class=\"elementor-container elementor-column-gap-default\">\n\t\t\t\t\t<div class=\"elementor-column elementor-col-100 elementor-top-column elementor-element elementor-element-d957096\" data-id=\"d957096\" data-element_type=\"column\">\n\t\t\t<div class=\"elementor-widget-wrap elementor-element-populated\">\n\t\t\t\t\t\t<div class=\"elementor-element elementor-element-b5d089a elementor-drop-cap-yes elementor-drop-cap-view-default elementor-widget elementor-widget-text-editor\" data-id=\"b5d089a\" data-element_type=\"widget\" data-settings=\"{&quot;drop_cap&quot;:&quot;yes&quot;}\" data-widget_type=\"text-editor.default\">\n\t\t\t\t<div class=\"elementor-widget-container\">\n\t\t\t\t\t\t\t<p>Klimaerw\u00e4rmung, Aussterben der Tiere, Auseinanderfallen von Lebensr\u00e4umen und Weltuntergang, Themen, die uns Tag f\u00fcr Tag begleiten.<\/p><p>Die Erde ist nicht mehr wie fr\u00fcher und ver\u00e4ndert sich immer weiter. Ein paar Ver\u00e4nderungen sind positiv aber leider auch viele negativ. Die Klimaerw\u00e4rmung ist eine oder auch die gr\u00f6\u00dfte Ver\u00e4nderung mit den gr\u00f6\u00dften Konsequenzen. Vielleicht bekommt ein Sch\u00fcler direkt nicht viel davon zu sp\u00fcren, jedoch ver\u00e4ndert sich mehr als man denkt. Mit Zunahme der Temperatur sterben erst einmal Tiere und Pflanzen, f\u00fcr die es nicht m\u00f6glich ist, bei w\u00e4rmeren Temperaturen zu leben. Weiters werden Lebensr\u00e4ume wie Nord- und S\u00fcdpol zerst\u00f6rt. Man m\u00f6ge glauben, uns Teenager betrifft das nicht. Aber denkt man ein bisschen nach, sind wir sehr wohl auch davon betroffen. Ohne bestimmte Pflanzen gibt es weder Nahrung f\u00fcr uns noch f\u00fcr unsere Nutztiere. So wird es auch keine Nutztiere mehr geben. Der Meeresspiegel steigt, die Menschen an der K\u00fcste fl\u00fcchten zu uns. Wo ist Platz? Ist genug Essen da?<\/p><p>Meiner Meinung nach wird die Klimaerw\u00e4rmung von sehr vielen Menschen zu wenig wahrgenommen. Viele denken eben, dass es sie nicht betrifft. Es gibt schon viele Menschen, die etwas dagegen tun wollen und es auch versuchen, aber solange es so viele Menschen gibt, die den Klimawandel nicht ernst nehmen, wird sich nicht viel tun. Jedem muss es selbst klar werden, wie kritisch die Lage ist. Au\u00dferdem finde ich, dass die Menschen, die die Macht haben etwas wirklich zu bewegen, wie der Staat, anfangen sollen, auch wirklich was zu tun. Klar denkt man, es kann nicht einfach gesagt werden \u201eWeg mit den Autos\u201c, weil die Konsequenzen zu gro\u00df sind. Aber man sollte sich fragen, ob man lieber mit den Konsequenzen lebt, z. B. die Autos loszuwerden, kein Fleisch mehr zu essen (aufgrund der Methangase der Nutztiere), kein Plastik mehr herzustellen usw. oder ob man lieber mit den Konsequenzen des Klimawandels leben m\u00f6chte und zul\u00e4sst, dass die Welt untergeht.<\/p><p>Auch wenn die gro\u00dfen Schritte zur Bek\u00e4mpfung des Klimawandels von Menschen mit \u201eMacht\u201c getroffen werden m\u00fcssen, kann die Wahrnehmung und das Ernstnehmen des Klimawandels von jedem Einzelnen helfen. W\u00fcrde jeder Mensch bewusst an den Klimawandel denken und ein bisschen versuchen mitzuhelfen, w\u00fcrden Menschen an der Macht leichter etwas sagen k\u00f6nnen. Kleine \u201eBabysteps\u201c wie z. B. weniger Fleisch essen (nicht vegetarisch aber einfach reduzieren), mehr mit dem Rad fahren bei sch\u00f6nem Wetter, Glasflaschen anstatt Plastikflaschen kaufen usw. Am wichtigsten ist f\u00fcr mich aber, dass den Menschen bewusst wird, wie es mit dem Klimawandel steht. Meiner Meinung nach w\u00fcrde das schon sehr viel bewirken.<\/p>\t\t\t\t\t\t<\/div>\n\t\t\t\t<\/div>\n\t\t\t\t\t<\/div>\n\t\t<\/div>\n\t\t\t\t\t<\/div>\n\t\t<\/section>\n\t\t\t\t<section class=\"elementor-section elementor-top-section elementor-element elementor-element-3e6c0aaa elementor-section-boxed elementor-section-height-default elementor-section-height-default\" data-id=\"3e6c0aaa\" data-element_type=\"section\">\n\t\t\t\t\t\t<div class=\"elementor-container elementor-column-gap-default\">\n\t\t\t\t\t<div class=\"elementor-column elementor-col-100 elementor-top-column elementor-element elementor-element-4a89d144\" data-id=\"4a89d144\" data-element_type=\"column\">\n\t\t\t<div class=\"elementor-widget-wrap elementor-element-populated\">\n\t\t\t\t\t\t<div class=\"elementor-element elementor-element-26ec3cb6 elementor-widget elementor-widget-text-editor\" data-id=\"26ec3cb6\" data-element_type=\"widget\" data-widget_type=\"text-editor.default\">\n\t\t\t\t<div class=\"elementor-widget-container\">\n\t\t\t\t\t\t\t<p style=\"text-align: center;\"><a href=\"https:\/\/mindmuseum.at\/index.php\/category\/bibliothek\/\">Zur\u00fcck zur \u00dcbersicht<\/a><\/p>\t\t\t\t\t\t<\/div>\n\t\t\t\t<\/div>\n\t\t\t\t\t<\/div>\n\t\t<\/div>\n\t\t\t\t\t<\/div>\n\t\t<\/section>\n\t\t\t\t<\/div>\n\t\t","protected":false},"excerpt":{"rendered":"<p>Klimaerw\u00e4rmung, Aussterben der Tiere, Auseinanderfallen von Lebensr\u00e4umen und Weltuntergang, Themen, die uns Tag f\u00fcr Tag begleiten. Die Erde ist nicht mehr wie fr\u00fcher und ver\u00e4ndert sich immer weiter. Ein paar Ver\u00e4nderungen sind positiv aber leider auch viele negativ. Die Klimaerw\u00e4rmung ist eine oder auch die gr\u00f6\u00dfte Ver\u00e4nderung mit den gr\u00f6\u00dften Konsequenzen. Vielleicht bekommt ein Sch\u00fcler direkt nicht viel davon zu sp\u00fcren, jedoch ver\u00e4ndert sich mehr als man denkt. Mit Zunahme der Temperatur sterben erst einmal Tiere und Pflanzen, f\u00fcr die es nicht m\u00f6glich ist, bei w\u00e4rmeren Temperaturen zu leben. Weiters werden Lebensr\u00e4ume wie Nord- und S\u00fcdpol zerst\u00f6rt. Man m\u00f6ge glauben, uns Teenager betrifft das nicht. Aber denkt man ein bisschen nach, sind wir sehr wohl auch davon betroffen. Ohne bestimmte Pflanzen gibt es weder Nahrung f\u00fcr uns noch f\u00fcr unsere Nutztiere. So wird es auch [&hellip;]<\/p>\n","protected":false},"author":2,"featured_media":7035,"comment_status":"closed","ping_status":"closed","sticky":false,"template":"","format":"standard","meta":{"footnotes":""},"categories":[45,306,62,309],"tags":[311,312,310],"class_list":["post-7013","post","type-post","status-publish","format-standard","has-post-thumbnail","hentry","category-bibliothek","category-meine-sicht-der-dinge-auf-die-umwelt","category-schule","category-stiftsgymnasium-st-paul","tag-klima","tag-klimawandel","tag-stiftsgymnasium-st-paul"],"_links":{"self":[{"href":"https:\/\/mindmuseum.at\/index.php\/wp-json\/wp\/v2\/posts\/7013"}],"collection":[{"href":"https:\/\/mindmuseum.at\/index.php\/wp-json\/wp\/v2\/posts"}],"about":[{"href":"https:\/\/mindmuseum.at\/index.php\/wp-json\/wp\/v2\/types\/post"}],"author":[{"embeddable":true,"href":"https:\/\/mindmuseum.at\/index.php\/wp-json\/wp\/v2\/users\/2"}],"replies":[{"embeddable":true,"href":"https:\/\/mindmuseum.at\/index.php\/wp-json\/wp\/v2\/comments?post=7013"}],"version-history":[{"count":10,"href":"https:\/\/mindmuseum.at\/index.php\/wp-json\/wp\/v2\/posts\/7013\/revisions"}],"predecessor-version":[{"id":7072,"href":"https:\/\/mindmuseum.at\/index.php\/wp-json\/wp\/v2\/posts\/7013\/revisions\/7072"}],"wp:featuredmedia":[{"embeddable":true,"href":"https:\/\/mindmuseum.at\/index.php\/wp-json\/wp\/v2\/media\/7035"}],"wp:attachment":[{"href":"https:\/\/mindmuseum.at\/index.php\/wp-json\/wp\/v2\/media?parent=7013"}],"wp:term":[{"taxonomy":"category","embeddable":true,"href":"https:\/\/mindmuseum.at\/index.php\/wp-json\/wp\/v2\/categories?post=7013"},{"taxonomy":"post_tag","embeddable":true,"href":"https:\/\/mindmuseum.at\/index.php\/wp-json\/wp\/v2\/tags?post=7013"}],"curies":[{"name":"wp","href":"https:\/\/api.w.org\/{rel}","templated":true}]}}