{"id":6982,"date":"2022-09-26T14:46:39","date_gmt":"2022-09-26T14:46:39","guid":{"rendered":"https:\/\/mindmuseum.at\/?p=6982"},"modified":"2022-09-28T11:56:41","modified_gmt":"2022-09-28T11:56:41","slug":"gesellschaft-klima","status":"publish","type":"post","link":"https:\/\/mindmuseum.at\/index.php\/2022\/09\/26\/gesellschaft-klima\/","title":{"rendered":"Gesellschaft &#038; Klima"},"content":{"rendered":"\t\t<div data-elementor-type=\"wp-post\" data-elementor-id=\"6982\" class=\"elementor elementor-6982\">\n\t\t\t\t\t\t<section class=\"elementor-section elementor-top-section elementor-element elementor-element-9f39b39 elementor-section-boxed elementor-section-height-default elementor-section-height-default\" data-id=\"9f39b39\" data-element_type=\"section\">\n\t\t\t\t\t\t<div class=\"elementor-container elementor-column-gap-default\">\n\t\t\t\t\t<div class=\"elementor-column elementor-col-100 elementor-top-column elementor-element elementor-element-d957096\" data-id=\"d957096\" data-element_type=\"column\">\n\t\t\t<div class=\"elementor-widget-wrap elementor-element-populated\">\n\t\t\t\t\t\t<div class=\"elementor-element elementor-element-b5d089a elementor-drop-cap-yes elementor-drop-cap-view-default elementor-widget elementor-widget-text-editor\" data-id=\"b5d089a\" data-element_type=\"widget\" data-settings=\"{&quot;drop_cap&quot;:&quot;yes&quot;}\" data-widget_type=\"text-editor.default\">\n\t\t\t\t<div class=\"elementor-widget-container\">\n\t\t\t\t\t\t\t<p>Unsere Erde besch\u00e4ftigt uns alle. Ich frage mich oft, wie es \u00fcberhaupt so weit kommen konnte. Die Problematik Klimawandel ist mittlerweile aktueller denn je. Experten warnen schon seit langer Zeit vor den Folgen eines menschenverursachten Klimawandels und dennoch scheint es nicht besser zu werden. Ob es jetzt um die Massentierhaltung und die damit verbundenen Treibhausgase, die in Plastik verpackten Lebensmittel oder die entt\u00e4uschenden Ergebnisse der Klimakonferenzen geht. Ich habe oft das Gef\u00fchl, dass wir in einer Sackgasse stehen. Am meisten \u00e4rgert mich aber, dass die finanziellen Ressourcen in der Theorie kein Problem darstellen. Die Durchsetzung versprochener Klimaziele und die Verm\u00f6gensverteilung sind eine gro\u00dfe Problematik. So will es mir einfach nicht in den Kopf gehen, wie 1 % der Bev\u00f6lkerung die H\u00e4lfte des weltweiten Nettoverm\u00f6gens besitzt. Es macht mich oft w\u00fctend zu wissen, dass man als einzelner nicht viel ausrichten kann.<\/p><p>Eine Sache, die mir besonders am Herzen liegt, sind die \u00f6ffentlichen Verkehrsmittel, insbesondere Zugverbindungen. Ich freue mich sehr \u00fcber den Koralmtunnel, der hoffentlich bald fertiggestellt wird. Prinzipiell kann man sagen, dass ein willkommener Fortschritt stattfindet. Hat \u00d6sterreich doch den Ausbau der Autobahnen zu lange vor Zugverbindungen gestellt, so bemerkt man doch einen positiven Umschwung in den letzten Jahren. Europaweit werden auch viele Mittel eingesetzt, um das Zugfahren schmackhaft zu machen. Sei es das Klimaticket oder Interrail, die Bev\u00f6lkerung ist vollauf dabei, die Welt mit dem Zug zu erkunden. Eine Problematik, die dennoch besteht, sind die Preise der \u00f6ffentlichen Verkehrsmittel. Ich kann einfach nicht verstehen, wie man Billigfl\u00fcge nach Mallorca um 20 Euro kaufen kann, w\u00e4hrend eine einst\u00fcndige Zugfahrt in \u00d6sterreich mich ohne Zusatztickets schon leicht dasselbe kosten kann. Ich w\u00fcnsche mir diesbez\u00fcglich eine \u00c4nderung und hoffe, diese in naher Zukunft begr\u00fc\u00dfen zu d\u00fcrfen.<\/p><p>Ein anderer Aspekt, der mir sehr zu denken gibt, ist der Fleischkonsum. Fleisch ist g\u00fcnstig, sogar viel zu g\u00fcnstig. Die Bedingungen, die bestehen m\u00fcssen, um Fleisch zu solchen Spottpreisen anzubieten, sind nicht nur ethisch unter keinen Umst\u00e4nden vertretbar, sondern auch katastrophal f\u00fcr unser Klima. Ungef\u00e4hr ein Drittel der menschenverantworteten Methan-Emissionen stammen von Vieh- insbesondere Rinderhaltung. Des Weiteren ist Viehhaltung ein gro\u00dfer Faktor f\u00fcr die Abholzung des Regenwaldes, unserer gr\u00fcnen Lunge, um dort Futtermittel anzubauen. Alles in einem muss unser Fleischkonsum aus gesundheitlichen, ethischen und umwelttechnischen Gr\u00fcnden reduziert werden.<\/p><p>Abschlie\u00dfen m\u00f6chte ich dennoch mit ein paar positiven Worten. In diesem gro\u00dfen Chaos gebrochener Versprechen der Politiker und den Treibhausemissionen gibt es dennoch Lichtblicke. Vor allem bei der Jugend gibt es viele Menschen, denen die Umwelt am Herzen liegt und die aktiv f\u00fcr ein besseres Morgen k\u00e4mpfen. Seien es Klimastreiks, alternativ eingepackte Lebensmittel oder mit dem Rad fahren, anstatt das Auto zu nehmen. Jeder leistet seinen kleinen Teil, um die Welt ein St\u00fcckchen besser zu machen. Ich hoffe auf eine reiche und umweltfreundlichere Zukunft, damit wir noch lange im Winter skifahren k\u00f6nnen, keine Naturkatastrophen erleben m\u00fcssen und die Welt im Gleichgewicht bleibt.<\/p>\t\t\t\t\t\t<\/div>\n\t\t\t\t<\/div>\n\t\t\t\t\t<\/div>\n\t\t<\/div>\n\t\t\t\t\t<\/div>\n\t\t<\/section>\n\t\t\t\t<section class=\"elementor-section elementor-top-section elementor-element elementor-element-3e6c0aaa elementor-section-boxed elementor-section-height-default elementor-section-height-default\" data-id=\"3e6c0aaa\" data-element_type=\"section\">\n\t\t\t\t\t\t<div class=\"elementor-container elementor-column-gap-default\">\n\t\t\t\t\t<div class=\"elementor-column elementor-col-100 elementor-top-column elementor-element elementor-element-4a89d144\" data-id=\"4a89d144\" data-element_type=\"column\">\n\t\t\t<div class=\"elementor-widget-wrap elementor-element-populated\">\n\t\t\t\t\t\t<div class=\"elementor-element elementor-element-26ec3cb6 elementor-widget elementor-widget-text-editor\" data-id=\"26ec3cb6\" data-element_type=\"widget\" data-widget_type=\"text-editor.default\">\n\t\t\t\t<div class=\"elementor-widget-container\">\n\t\t\t\t\t\t\t<p style=\"text-align: center;\"><a href=\"https:\/\/mindmuseum.at\/index.php\/category\/bibliothek\/\">Zur\u00fcck zur \u00dcbersicht<\/a><\/p>\t\t\t\t\t\t<\/div>\n\t\t\t\t<\/div>\n\t\t\t\t\t<\/div>\n\t\t<\/div>\n\t\t\t\t\t<\/div>\n\t\t<\/section>\n\t\t\t\t<\/div>\n\t\t","protected":false},"excerpt":{"rendered":"<p>Unsere Erde besch\u00e4ftigt uns alle. Ich frage mich oft, wie es \u00fcberhaupt so weit kommen konnte. Die Problematik Klimawandel ist mittlerweile aktueller denn je. Experten warnen schon seit langer Zeit vor den Folgen eines menschenverursachten Klimawandels und dennoch scheint es nicht besser zu werden. Ob es jetzt um die Massentierhaltung und die damit verbundenen Treibhausgase, die in Plastik verpackten Lebensmittel oder die entt\u00e4uschenden Ergebnisse der Klimakonferenzen geht. Ich habe oft das Gef\u00fchl, dass wir in einer Sackgasse stehen. Am meisten \u00e4rgert mich aber, dass die finanziellen Ressourcen in der Theorie kein Problem darstellen. Die Durchsetzung versprochener Klimaziele und die Verm\u00f6gensverteilung sind eine gro\u00dfe Problematik. So will es mir einfach nicht in den Kopf gehen, wie 1 % der Bev\u00f6lkerung die H\u00e4lfte des weltweiten Nettoverm\u00f6gens besitzt. Es macht mich oft w\u00fctend zu wissen, dass man als [&hellip;]<\/p>\n","protected":false},"author":2,"featured_media":7027,"comment_status":"closed","ping_status":"closed","sticky":false,"template":"","format":"standard","meta":{"footnotes":""},"categories":[45,306,62,309],"tags":[311,312,310],"class_list":["post-6982","post","type-post","status-publish","format-standard","has-post-thumbnail","hentry","category-bibliothek","category-meine-sicht-der-dinge-auf-die-umwelt","category-schule","category-stiftsgymnasium-st-paul","tag-klima","tag-klimawandel","tag-stiftsgymnasium-st-paul"],"_links":{"self":[{"href":"https:\/\/mindmuseum.at\/index.php\/wp-json\/wp\/v2\/posts\/6982"}],"collection":[{"href":"https:\/\/mindmuseum.at\/index.php\/wp-json\/wp\/v2\/posts"}],"about":[{"href":"https:\/\/mindmuseum.at\/index.php\/wp-json\/wp\/v2\/types\/post"}],"author":[{"embeddable":true,"href":"https:\/\/mindmuseum.at\/index.php\/wp-json\/wp\/v2\/users\/2"}],"replies":[{"embeddable":true,"href":"https:\/\/mindmuseum.at\/index.php\/wp-json\/wp\/v2\/comments?post=6982"}],"version-history":[{"count":16,"href":"https:\/\/mindmuseum.at\/index.php\/wp-json\/wp\/v2\/posts\/6982\/revisions"}],"predecessor-version":[{"id":7060,"href":"https:\/\/mindmuseum.at\/index.php\/wp-json\/wp\/v2\/posts\/6982\/revisions\/7060"}],"wp:featuredmedia":[{"embeddable":true,"href":"https:\/\/mindmuseum.at\/index.php\/wp-json\/wp\/v2\/media\/7027"}],"wp:attachment":[{"href":"https:\/\/mindmuseum.at\/index.php\/wp-json\/wp\/v2\/media?parent=6982"}],"wp:term":[{"taxonomy":"category","embeddable":true,"href":"https:\/\/mindmuseum.at\/index.php\/wp-json\/wp\/v2\/categories?post=6982"},{"taxonomy":"post_tag","embeddable":true,"href":"https:\/\/mindmuseum.at\/index.php\/wp-json\/wp\/v2\/tags?post=6982"}],"curies":[{"name":"wp","href":"https:\/\/api.w.org\/{rel}","templated":true}]}}