{"id":6968,"date":"2022-09-26T14:44:33","date_gmt":"2022-09-26T14:44:33","guid":{"rendered":"https:\/\/mindmuseum.at\/?p=6968"},"modified":"2022-09-28T11:55:25","modified_gmt":"2022-09-28T11:55:25","slug":"das-klima","status":"publish","type":"post","link":"https:\/\/mindmuseum.at\/index.php\/2022\/09\/26\/das-klima\/","title":{"rendered":"Das Klima"},"content":{"rendered":"\t\t<div data-elementor-type=\"wp-post\" data-elementor-id=\"6968\" class=\"elementor elementor-6968\">\n\t\t\t\t\t\t<section class=\"elementor-section elementor-top-section elementor-element elementor-element-9f39b39 elementor-section-boxed elementor-section-height-default elementor-section-height-default\" data-id=\"9f39b39\" data-element_type=\"section\">\n\t\t\t\t\t\t<div class=\"elementor-container elementor-column-gap-default\">\n\t\t\t\t\t<div class=\"elementor-column elementor-col-100 elementor-top-column elementor-element elementor-element-d957096\" data-id=\"d957096\" data-element_type=\"column\">\n\t\t\t<div class=\"elementor-widget-wrap elementor-element-populated\">\n\t\t\t\t\t\t<div class=\"elementor-element elementor-element-b5d089a elementor-drop-cap-yes elementor-drop-cap-view-default elementor-widget elementor-widget-text-editor\" data-id=\"b5d089a\" data-element_type=\"widget\" data-settings=\"{&quot;drop_cap&quot;:&quot;yes&quot;}\" data-widget_type=\"text-editor.default\">\n\t\t\t\t<div class=\"elementor-widget-container\">\n\t\t\t\t\t\t\t<p>Unser Klima, welches einen der gr\u00f6\u00dften Wandel in der Erdgeschichte erlebt, fordert Millionen von Todesopfern und weltweite Katastrophen. Seit Mitte des letzten Jahrhunderts ist bereits eine Ver\u00e4nderung der Umwelt sp\u00fcrbar gewesen, jedoch ohne dass es zu sp\u00fcrbaren Handlungen gekommen ist. Erst mit den 2000er-Jahren bildet sich eine immer gr\u00f6\u00dfer werdende Bewegung gegen den Klimawandel, dessen H\u00f6hepunkt mit der Klimakonferenz von Paris abgetan worden war. Seither ist es aber eher zu Verschlechterungen gekommen. <br>Aber woran liegt das?<\/p>\n<p>Donald John Trump, ein Pr\u00e4sident der wohl l\u00e4nger in unserer Erinnerung bleiben wird. Denn als Nachfolger von Barack Obama, welcher ein K\u00e4mpfer gegen den Klimawandel ist, h\u00e4tte er dessen Weg beibehalten oder sogar ausbauen k\u00f6nnen, doch dies ist aufgrund seines wirtschaftlichen Denkens nicht infrage gekommen. So erreichte er den Austritt aus dem Klimaabkommen, was weitreichende Folgen hat. <\/p>\n<p>Sars-Cov19, der Virus, welcher eine Pandemie ausl\u00f6ste und das gesellschaftliche Leben zum Stehen gebracht hat, ist mitunter ein Faktor. Zwar ist es aufgrund der Lockdowns zu einer Verringerung der Emissionen gekommen, jedoch sind in jener Zeit keine eingreifenden Beschl\u00fcsse gegen den Klimawandel get\u00e4tigt worden.<\/p>\n<p>Ukraine-Konflikt, der andauernde Krieg zwischen der Ukraine und Russland, l\u00e4sst dem Westen keine andere Wahl als Waffen zu liefern und Sanktionen zu verh\u00e4ngen. Die anf\u00e4nglich genialen Sanktionen f\u00fchrten aber zu einem Ausbleiben von Gas und zu starken Teuerungen im Energiesektor. Der Westen reagierte auf diese Probleme mit der Reaktivierung von Kohlekraftwerken und anderen Emissionsproduzenten.<br>Auch das politische Ausma\u00df ist enorm, die andauernden Probleme machen es nahezu unm\u00f6glich, sich mit vollem Ehrgeiz gegen den Klimawandel zu stemmen.<\/p>\n<p>All diese Aufz\u00e4hlungen sind mit den politischen Umst\u00e4nde bzw. Ver\u00e4nderungen einhergehend, ohne sich dabei f\u00fcr etwaige politische Meinungen bzw. Entscheidungen einzusetzen.<\/p>\n<p>Ein weiterer Faktor jedoch ist und bleibt die Psyche des Menschen, seit der Klimakonferenz ist es zu einer Tilgung des Verlangens der Ver\u00e4nderung aus Sicht der Gesellschaft gekommen, es wurde quasi \u201egenug getan\u201c. Erst mit der \u201eFridays for Future\u201c-Bewegung ist es zu einem erneuten Aufleben der Klimapolitik und zu einer Steigerung des Handlungswillens der Gesellschaft gekommen.<\/p>\n<p>Aber aufgrund der stetigen Krisen, Bedrohungen, Ver\u00e4nderungen etc. blendet der Mensch die Klimazukunft aus und befriedigt sich mit der Tatsache, damit leben zu m\u00fcssen.<br>Was aus derzeitigem Standpunkt auch das einzig realistische Szenario sein wird, da das Greifen der Handlungen der Gegenwart zu sp\u00e4t sein wird.<\/p>\n<p>Das Letztere wirft wiederum die Frage auf, ist der Klimawandel nat\u00fcrlichen Ursprungs oder rein menschengemacht \u2026<\/p>\n<p><\/p>\n<p>Ohne pers\u00f6nliche Meinungen, Standpunkte verletzten zu wollen.<\/p>\t\t\t\t\t\t<\/div>\n\t\t\t\t<\/div>\n\t\t\t\t\t<\/div>\n\t\t<\/div>\n\t\t\t\t\t<\/div>\n\t\t<\/section>\n\t\t\t\t<section class=\"elementor-section elementor-top-section elementor-element elementor-element-3e6c0aaa elementor-section-boxed elementor-section-height-default elementor-section-height-default\" data-id=\"3e6c0aaa\" data-element_type=\"section\">\n\t\t\t\t\t\t<div class=\"elementor-container elementor-column-gap-default\">\n\t\t\t\t\t<div class=\"elementor-column elementor-col-100 elementor-top-column elementor-element elementor-element-4a89d144\" data-id=\"4a89d144\" data-element_type=\"column\">\n\t\t\t<div class=\"elementor-widget-wrap elementor-element-populated\">\n\t\t\t\t\t\t<div class=\"elementor-element elementor-element-26ec3cb6 elementor-widget elementor-widget-text-editor\" data-id=\"26ec3cb6\" data-element_type=\"widget\" data-widget_type=\"text-editor.default\">\n\t\t\t\t<div class=\"elementor-widget-container\">\n\t\t\t\t\t\t\t<p style=\"text-align: center;\"><a href=\"https:\/\/mindmuseum.at\/index.php\/category\/bibliothek\/\">Zur\u00fcck zur \u00dcbersicht<\/a><\/p>\t\t\t\t\t\t<\/div>\n\t\t\t\t<\/div>\n\t\t\t\t\t<\/div>\n\t\t<\/div>\n\t\t\t\t\t<\/div>\n\t\t<\/section>\n\t\t\t\t<\/div>\n\t\t","protected":false},"excerpt":{"rendered":"<p>Unser Klima, welches einen der gr\u00f6\u00dften Wandel in der Erdgeschichte erlebt, fordert Millionen von Todesopfern und weltweite Katastrophen. Seit Mitte des letzten Jahrhunderts ist bereits eine Ver\u00e4nderung der Umwelt sp\u00fcrbar gewesen, jedoch ohne dass es zu sp\u00fcrbaren Handlungen gekommen ist. Erst mit den 2000er-Jahren bildet sich eine immer gr\u00f6\u00dfer werdende Bewegung gegen den Klimawandel, dessen H\u00f6hepunkt mit der Klimakonferenz von Paris abgetan worden war. Seither ist es aber eher zu Verschlechterungen gekommen. Aber woran liegt das? Donald John Trump, ein Pr\u00e4sident der wohl l\u00e4nger in unserer Erinnerung bleiben wird. Denn als Nachfolger von Barack Obama, welcher ein K\u00e4mpfer gegen den Klimawandel ist, h\u00e4tte er dessen Weg beibehalten oder sogar ausbauen k\u00f6nnen, doch dies ist aufgrund seines wirtschaftlichen Denkens nicht infrage gekommen. So erreichte er den Austritt aus dem Klimaabkommen, was weitreichende Folgen hat. Sars-Cov19, der [&hellip;]<\/p>\n","protected":false},"author":2,"featured_media":7023,"comment_status":"closed","ping_status":"closed","sticky":false,"template":"","format":"standard","meta":{"footnotes":""},"categories":[45,306,62,309],"tags":[311,312,310],"class_list":["post-6968","post","type-post","status-publish","format-standard","has-post-thumbnail","hentry","category-bibliothek","category-meine-sicht-der-dinge-auf-die-umwelt","category-schule","category-stiftsgymnasium-st-paul","tag-klima","tag-klimawandel","tag-stiftsgymnasium-st-paul"],"_links":{"self":[{"href":"https:\/\/mindmuseum.at\/index.php\/wp-json\/wp\/v2\/posts\/6968"}],"collection":[{"href":"https:\/\/mindmuseum.at\/index.php\/wp-json\/wp\/v2\/posts"}],"about":[{"href":"https:\/\/mindmuseum.at\/index.php\/wp-json\/wp\/v2\/types\/post"}],"author":[{"embeddable":true,"href":"https:\/\/mindmuseum.at\/index.php\/wp-json\/wp\/v2\/users\/2"}],"replies":[{"embeddable":true,"href":"https:\/\/mindmuseum.at\/index.php\/wp-json\/wp\/v2\/comments?post=6968"}],"version-history":[{"count":10,"href":"https:\/\/mindmuseum.at\/index.php\/wp-json\/wp\/v2\/posts\/6968\/revisions"}],"predecessor-version":[{"id":7051,"href":"https:\/\/mindmuseum.at\/index.php\/wp-json\/wp\/v2\/posts\/6968\/revisions\/7051"}],"wp:featuredmedia":[{"embeddable":true,"href":"https:\/\/mindmuseum.at\/index.php\/wp-json\/wp\/v2\/media\/7023"}],"wp:attachment":[{"href":"https:\/\/mindmuseum.at\/index.php\/wp-json\/wp\/v2\/media?parent=6968"}],"wp:term":[{"taxonomy":"category","embeddable":true,"href":"https:\/\/mindmuseum.at\/index.php\/wp-json\/wp\/v2\/categories?post=6968"},{"taxonomy":"post_tag","embeddable":true,"href":"https:\/\/mindmuseum.at\/index.php\/wp-json\/wp\/v2\/tags?post=6968"}],"curies":[{"name":"wp","href":"https:\/\/api.w.org\/{rel}","templated":true}]}}