{"id":6009,"date":"2021-03-17T12:18:45","date_gmt":"2021-03-17T12:18:45","guid":{"rendered":"https:\/\/mindmuseum.at\/?p=6009"},"modified":"2021-06-07T12:01:58","modified_gmt":"2021-06-07T12:01:58","slug":"hohen-und-tiefen","status":"publish","type":"post","link":"https:\/\/mindmuseum.at\/index.php\/2021\/03\/17\/hohen-und-tiefen\/","title":{"rendered":"H\u00f6hen und Tiefen"},"content":{"rendered":"\t\t<div data-elementor-type=\"wp-post\" data-elementor-id=\"6009\" class=\"elementor elementor-6009\">\n\t\t\t\t\t\t<section class=\"elementor-section elementor-top-section elementor-element elementor-element-9f39b39 elementor-section-boxed elementor-section-height-default elementor-section-height-default\" data-id=\"9f39b39\" data-element_type=\"section\">\n\t\t\t\t\t\t<div class=\"elementor-container elementor-column-gap-default\">\n\t\t\t\t\t<div class=\"elementor-column elementor-col-100 elementor-top-column elementor-element elementor-element-d957096\" data-id=\"d957096\" data-element_type=\"column\">\n\t\t\t<div class=\"elementor-widget-wrap elementor-element-populated\">\n\t\t\t\t\t\t<div class=\"elementor-element elementor-element-b5d089a elementor-drop-cap-yes elementor-drop-cap-view-default elementor-widget elementor-widget-text-editor\" data-id=\"b5d089a\" data-element_type=\"widget\" data-settings=\"{&quot;drop_cap&quot;:&quot;yes&quot;}\" data-widget_type=\"text-editor.default\">\n\t\t\t\t<div class=\"elementor-widget-container\">\n\t\t\t\t\t\t\t<p>Wieder einmal geht ein Schuljahr dem Ende zu. Ein Schuljahr voller H\u00f6hen und Tiefen. Voller Unsicherheit aber auch Hoffnung. An dieser Stelle m\u00f6chte ich Ihnen allen hier danken, dass Ihr ein ganzes Jahr lang Ausdauer, Disziplin und Engagement gezeigt habt. Es war sicherlich nicht immer einfach, aber gemeinsam haben wir auch diese H\u00fcrde gemeistert! Wir haben gel\u00fcftet wie die Weltmeister, Abstand gehalten und Masken getragen. Durch das strikte Einhalten dieser Ma\u00dfnahmen konnten wir uns zumindest ein bisschen Normalit\u00e4t sichern. Normalit\u00e4t in Zeiten, in denen die ganze Welt alles andere als normal ist.<\/p>\n<p>Dinge, die wir fr\u00fcher als selbstverst\u00e4ndlich gesehen haben, sind jetzt wie Lichtblicke in dunklen Zeiten. Oder wer von euch vermisst nicht einen gem\u00fctlichen Abend mit Freunden, seine Hobbies oder einfach einen normalen Schulalltag? An dieser Stelle m\u00f6chte ich Euch daher fragen: Was ist eigentlich noch normal? Ich habe mir dar\u00fcber lange Gedanken gemacht und glaube, dass Normalit\u00e4t nicht unbedingt hei\u00dfen muss, zu unserem gewohnten Lebensstil und unseren alten Einstellungen zur\u00fcckzukehren! Denn die Coronakrise ist nicht unsere einzige Sorge. Auch die Umweltkrise darf nicht geleugnet werden.<\/p>\n<p>So hoffe ich, dass manch einer von Euch neben den negativen Aspekten der Pandemie auf die positiven nicht vergesst! Unsere Erde, die so lange ausgelaugt, verschmutzt und verpestet wurde, hat endlich einmal Zeit, um durchzuatmen! Durch die Gesch\u00e4ftsschlie\u00dfungen hat sich das Konsumverhalten ver\u00e4ndert und durch die Reisebeschr\u00e4nkungen unsere Emissionen. Ich denke daher, dass der Virus fast eine Art nat\u00fcrliche Notbremse war. Eine Notbremse, die uns, die Menschen, davor bewahren soll, sich selbst zu zerst\u00f6ren. Denn die Einschr\u00e4nkungen haben sicherlich den einen oder anderen zum Nachdenken angeregt. Oder wer von euch sch\u00e4tzt eine Umarmung oder ein L\u00e4cheln heute nicht mehr als gestern?<\/p>\n<p>Ich hoffe daher, dass mancher von Euch gelernt haben mag, worauf es im Leben wirklich ankommt! Denn wenn man den Luxus vom Shoppen, Reisen und Feiern nicht hat, lernt man dies umso mehr zu sch\u00e4tzen. Seht Bildung, Hobbies und Freiheit nicht als selbstverst\u00e4ndlich und geht gemeinsam in die richtige Richtung. Einen Weg Richtung Freiheit, Miteinander und respektvollem Umgang mit Ressourcen!<\/p>\n<p>In diesem Sinne: Bleibt gesund, haltet weiterhin Abstand und achtet die Regelungen, damit wir weiterhin ein sicheres Miteinander garantieren k\u00f6nnen, und hoffentlich bald wieder zu einer neuen Normalit\u00e4t zur\u00fcckkehren!<\/p>\t\t\t\t\t\t<\/div>\n\t\t\t\t<\/div>\n\t\t\t\t\t<\/div>\n\t\t<\/div>\n\t\t\t\t\t<\/div>\n\t\t<\/section>\n\t\t\t\t<section class=\"elementor-section elementor-top-section elementor-element elementor-element-3e6c0aaa elementor-section-boxed elementor-section-height-default elementor-section-height-default\" data-id=\"3e6c0aaa\" data-element_type=\"section\">\n\t\t\t\t\t\t<div class=\"elementor-container elementor-column-gap-default\">\n\t\t\t\t\t<div class=\"elementor-column elementor-col-100 elementor-top-column elementor-element elementor-element-4a89d144\" data-id=\"4a89d144\" data-element_type=\"column\">\n\t\t\t<div class=\"elementor-widget-wrap elementor-element-populated\">\n\t\t\t\t\t\t<div class=\"elementor-element elementor-element-26ec3cb6 elementor-widget elementor-widget-text-editor\" data-id=\"26ec3cb6\" data-element_type=\"widget\" data-widget_type=\"text-editor.default\">\n\t\t\t\t<div class=\"elementor-widget-container\">\n\t\t\t\t\t\t\t<p style=\"text-align: center;\"><a href=\"https:\/\/mindmuseum.at\/index.php\/category\/bibliothek\/\">Zur\u00fcck zur \u00dcbersicht<\/a><\/p>\t\t\t\t\t\t<\/div>\n\t\t\t\t<\/div>\n\t\t\t\t\t<\/div>\n\t\t<\/div>\n\t\t\t\t\t<\/div>\n\t\t<\/section>\n\t\t\t\t<\/div>\n\t\t","protected":false},"excerpt":{"rendered":"<p>Wieder einmal geht ein Schuljahr dem Ende zu. Ein Schuljahr voller H\u00f6hen und Tiefen. Voller Unsicherheit aber auch Hoffnung. An dieser Stelle m\u00f6chte ich Ihnen allen hier danken, dass Ihr ein ganzes Jahr lang Ausdauer, Disziplin und Engagement gezeigt habt. Es war sicherlich nicht immer einfach, aber gemeinsam haben wir auch diese H\u00fcrde gemeistert! Wir haben gel\u00fcftet wie die Weltmeister, Abstand gehalten und Masken getragen. Durch das strikte Einhalten dieser Ma\u00dfnahmen konnten wir uns zumindest ein bisschen Normalit\u00e4t sichern. Normalit\u00e4t in Zeiten, in denen die ganze Welt alles andere als normal ist. Dinge, die wir fr\u00fcher als selbstverst\u00e4ndlich gesehen haben, sind jetzt wie Lichtblicke in dunklen Zeiten. Oder wer von euch vermisst nicht einen gem\u00fctlichen Abend mit Freunden, seine Hobbies oder einfach einen normalen Schulalltag? An dieser Stelle m\u00f6chte ich Euch daher fragen: Was ist [&hellip;]<\/p>\n","protected":false},"author":2,"featured_media":3861,"comment_status":"closed","ping_status":"closed","sticky":false,"template":"","format":"standard","meta":{"footnotes":""},"categories":[45,63,62],"tags":[46,55,64],"class_list":["post-6009","post","type-post","status-publish","format-standard","has-post-thumbnail","hentry","category-bibliothek","category-ingeborg-bachmann-gymnasium","category-schule","tag-corona","tag-covid-19","tag-ingeborg-bachmann-gymnasium"],"_links":{"self":[{"href":"https:\/\/mindmuseum.at\/index.php\/wp-json\/wp\/v2\/posts\/6009"}],"collection":[{"href":"https:\/\/mindmuseum.at\/index.php\/wp-json\/wp\/v2\/posts"}],"about":[{"href":"https:\/\/mindmuseum.at\/index.php\/wp-json\/wp\/v2\/types\/post"}],"author":[{"embeddable":true,"href":"https:\/\/mindmuseum.at\/index.php\/wp-json\/wp\/v2\/users\/2"}],"replies":[{"embeddable":true,"href":"https:\/\/mindmuseum.at\/index.php\/wp-json\/wp\/v2\/comments?post=6009"}],"version-history":[{"count":7,"href":"https:\/\/mindmuseum.at\/index.php\/wp-json\/wp\/v2\/posts\/6009\/revisions"}],"predecessor-version":[{"id":6075,"href":"https:\/\/mindmuseum.at\/index.php\/wp-json\/wp\/v2\/posts\/6009\/revisions\/6075"}],"wp:featuredmedia":[{"embeddable":true,"href":"https:\/\/mindmuseum.at\/index.php\/wp-json\/wp\/v2\/media\/3861"}],"wp:attachment":[{"href":"https:\/\/mindmuseum.at\/index.php\/wp-json\/wp\/v2\/media?parent=6009"}],"wp:term":[{"taxonomy":"category","embeddable":true,"href":"https:\/\/mindmuseum.at\/index.php\/wp-json\/wp\/v2\/categories?post=6009"},{"taxonomy":"post_tag","embeddable":true,"href":"https:\/\/mindmuseum.at\/index.php\/wp-json\/wp\/v2\/tags?post=6009"}],"curies":[{"name":"wp","href":"https:\/\/api.w.org\/{rel}","templated":true}]}}