{"id":5453,"date":"2021-01-19T13:54:43","date_gmt":"2021-01-19T13:54:43","guid":{"rendered":"https:\/\/mindmuseum.at\/?p=5453"},"modified":"2021-01-19T14:24:24","modified_gmt":"2021-01-19T14:24:24","slug":"glow-up","status":"publish","type":"post","link":"https:\/\/mindmuseum.at\/index.php\/2021\/01\/19\/glow-up\/","title":{"rendered":"Glow Up"},"content":{"rendered":"\t\t<div data-elementor-type=\"wp-post\" data-elementor-id=\"5453\" class=\"elementor elementor-5453\">\n\t\t\t\t\t\t<section class=\"elementor-section elementor-top-section elementor-element elementor-element-9f39b39 elementor-section-boxed elementor-section-height-default elementor-section-height-default\" data-id=\"9f39b39\" data-element_type=\"section\">\n\t\t\t\t\t\t<div class=\"elementor-container elementor-column-gap-default\">\n\t\t\t\t\t<div class=\"elementor-column elementor-col-100 elementor-top-column elementor-element elementor-element-d957096\" data-id=\"d957096\" data-element_type=\"column\">\n\t\t\t<div class=\"elementor-widget-wrap elementor-element-populated\">\n\t\t\t\t\t\t<div class=\"elementor-element elementor-element-b5d089a elementor-drop-cap-yes elementor-drop-cap-view-default elementor-widget elementor-widget-text-editor\" data-id=\"b5d089a\" data-element_type=\"widget\" data-settings=\"{&quot;drop_cap&quot;:&quot;yes&quot;}\" data-widget_type=\"text-editor.default\">\n\t\t\t\t<div class=\"elementor-widget-container\">\n\t\t\t\t\t\t\t<p>Am 13.03.2020 begann der erste Lockdown. Bis Mitte Mai mussten wir alle zuhause bleiben. Am 18. Mai durften wir wieder in die Schule, jedoch in Gruppen. Im September waren wieder alle in der Klasse vereint.<\/p><p>Ich muss sagen, ich finde, dass sehr viele aus der Klasse nach dem Lockdown einen \u201eGlow-up\u201c hatten. Pl\u00f6tzlich kam der zweite Lockdown. Wir mussten mit Distance-Learning weitermachen und die Gesch\u00e4fte, bis auf die Lebensmittelgesch\u00e4fte und Drogerien, machten wieder zu. Nach drei Wochen machten alle Gesch\u00e4fte wieder auf und wir konnten wieder ganz normal zum Pr\u00e4senzunterricht in die Schule. Mit dem Distance-Learning kam ich eigentlich ganz gut zurecht.<\/p><p>Jetzt hei\u00dft es, ab dem 26. Dezember bis zum 7. J\u00e4nner wieder zuhause bleiben.<br \/>Ich bin echt gespannt, wie der dritte Lockdown sein wird!<\/p>\t\t\t\t\t\t<\/div>\n\t\t\t\t<\/div>\n\t\t\t\t\t<\/div>\n\t\t<\/div>\n\t\t\t\t\t<\/div>\n\t\t<\/section>\n\t\t\t\t<section class=\"elementor-section elementor-top-section elementor-element elementor-element-3e6c0aaa elementor-section-boxed elementor-section-height-default elementor-section-height-default\" data-id=\"3e6c0aaa\" data-element_type=\"section\">\n\t\t\t\t\t\t<div class=\"elementor-container elementor-column-gap-default\">\n\t\t\t\t\t<div class=\"elementor-column elementor-col-100 elementor-top-column elementor-element elementor-element-4a89d144\" data-id=\"4a89d144\" data-element_type=\"column\">\n\t\t\t<div class=\"elementor-widget-wrap elementor-element-populated\">\n\t\t\t\t\t\t<div class=\"elementor-element elementor-element-26ec3cb6 elementor-widget elementor-widget-text-editor\" data-id=\"26ec3cb6\" data-element_type=\"widget\" data-widget_type=\"text-editor.default\">\n\t\t\t\t<div class=\"elementor-widget-container\">\n\t\t\t\t\t\t\t<p style=\"text-align: center;\"><a href=\"https:\/\/mindmuseum.at\/index.php\/category\/bibliothek\/\">Zur\u00fcck zur \u00dcbersicht<\/a><\/p>\t\t\t\t\t\t<\/div>\n\t\t\t\t<\/div>\n\t\t\t\t\t<\/div>\n\t\t<\/div>\n\t\t\t\t\t<\/div>\n\t\t<\/section>\n\t\t\t\t<\/div>\n\t\t","protected":false},"excerpt":{"rendered":"<p>Am 13.03.2020 begann der erste Lockdown. Bis Mitte Mai mussten wir alle zuhause bleiben. Am 18. Mai durften wir wieder in die Schule, jedoch in Gruppen. Im September waren wieder alle in der Klasse vereint. Ich muss sagen, ich finde, dass sehr viele aus der Klasse nach dem Lockdown einen \u201eGlow-up\u201c hatten. Pl\u00f6tzlich kam der zweite Lockdown. Wir mussten mit Distance-Learning weitermachen und die Gesch\u00e4fte, bis auf die Lebensmittelgesch\u00e4fte und Drogerien, machten wieder zu. Nach drei Wochen machten alle Gesch\u00e4fte wieder auf und wir konnten wieder ganz normal zum Pr\u00e4senzunterricht in die Schule. Mit dem Distance-Learning kam ich eigentlich ganz gut zurecht. Jetzt hei\u00dft es, ab dem 26. Dezember bis zum 7. J\u00e4nner wieder zuhause bleiben. Ich bin echt gespannt, wie der dritte Lockdown sein wird! Zur\u00fcck zur \u00dcbersicht<\/p>\n","protected":false},"author":2,"featured_media":3809,"comment_status":"closed","ping_status":"closed","sticky":false,"template":"","format":"standard","meta":{"footnotes":""},"categories":[45,63,62],"tags":[294,64,60,47],"class_list":["post-5453","post","type-post","status-publish","format-standard","has-post-thumbnail","hentry","category-bibliothek","category-ingeborg-bachmann-gymnasium","category-schule","tag-glow-up","tag-ingeborg-bachmann-gymnasium","tag-lockdown","tag-schule"],"_links":{"self":[{"href":"https:\/\/mindmuseum.at\/index.php\/wp-json\/wp\/v2\/posts\/5453"}],"collection":[{"href":"https:\/\/mindmuseum.at\/index.php\/wp-json\/wp\/v2\/posts"}],"about":[{"href":"https:\/\/mindmuseum.at\/index.php\/wp-json\/wp\/v2\/types\/post"}],"author":[{"embeddable":true,"href":"https:\/\/mindmuseum.at\/index.php\/wp-json\/wp\/v2\/users\/2"}],"replies":[{"embeddable":true,"href":"https:\/\/mindmuseum.at\/index.php\/wp-json\/wp\/v2\/comments?post=5453"}],"version-history":[{"count":6,"href":"https:\/\/mindmuseum.at\/index.php\/wp-json\/wp\/v2\/posts\/5453\/revisions"}],"predecessor-version":[{"id":5479,"href":"https:\/\/mindmuseum.at\/index.php\/wp-json\/wp\/v2\/posts\/5453\/revisions\/5479"}],"wp:featuredmedia":[{"embeddable":true,"href":"https:\/\/mindmuseum.at\/index.php\/wp-json\/wp\/v2\/media\/3809"}],"wp:attachment":[{"href":"https:\/\/mindmuseum.at\/index.php\/wp-json\/wp\/v2\/media?parent=5453"}],"wp:term":[{"taxonomy":"category","embeddable":true,"href":"https:\/\/mindmuseum.at\/index.php\/wp-json\/wp\/v2\/categories?post=5453"},{"taxonomy":"post_tag","embeddable":true,"href":"https:\/\/mindmuseum.at\/index.php\/wp-json\/wp\/v2\/tags?post=5453"}],"curies":[{"name":"wp","href":"https:\/\/api.w.org\/{rel}","templated":true}]}}