{"id":5135,"date":"2020-12-02T09:48:15","date_gmt":"2020-12-02T09:48:15","guid":{"rendered":"https:\/\/mindmuseum.at\/?p=5135"},"modified":"2021-02-05T09:58:38","modified_gmt":"2021-02-05T09:58:38","slug":"wann-wird-alles-wieder-normal-sein","status":"publish","type":"post","link":"https:\/\/mindmuseum.at\/index.php\/2020\/12\/02\/wann-wird-alles-wieder-normal-sein\/","title":{"rendered":"Wann wird alles wieder normal sein?"},"content":{"rendered":"\t\t<div data-elementor-type=\"wp-post\" data-elementor-id=\"5135\" class=\"elementor elementor-5135\">\n\t\t\t\t\t\t<section class=\"elementor-section elementor-top-section elementor-element elementor-element-9f39b39 elementor-section-boxed elementor-section-height-default elementor-section-height-default\" data-id=\"9f39b39\" data-element_type=\"section\">\n\t\t\t\t\t\t<div class=\"elementor-container elementor-column-gap-default\">\n\t\t\t\t\t<div class=\"elementor-column elementor-col-100 elementor-top-column elementor-element elementor-element-d957096\" data-id=\"d957096\" data-element_type=\"column\">\n\t\t\t<div class=\"elementor-widget-wrap elementor-element-populated\">\n\t\t\t\t\t\t<div class=\"elementor-element elementor-element-b5d089a elementor-drop-cap-yes elementor-drop-cap-view-default elementor-widget elementor-widget-text-editor\" data-id=\"b5d089a\" data-element_type=\"widget\" data-settings=\"{&quot;drop_cap&quot;:&quot;yes&quot;}\" data-widget_type=\"text-editor.default\">\n\t\t\t\t<div class=\"elementor-widget-container\">\n\t\t\t\t\t\t\t<p>Corona \u2026 wie war Corona? Pl\u00f6tzlich wurde alles heruntergefahren. In der Schule herrschte pl\u00f6tzlich Maskenpflicht und alles war komisch, es war be\u00e4ngstigend. <br \/>Ab dem 16.3.2020 wurden wir auf \u201eDistance Learning\u201c umgestellt, kaum zu glauben, dass aus einer kleinen Krankheit eine weltweite Pandemie wurde. Zuhause, als wir \u00fcber Video und E-Mail unsere \u00dcbungen bekamen, war das ein sehr komisches Gef\u00fchl. Im Radio kamen nur noch Meldungen \u00fcber Corona, alles andere war in Vergessenheit geraten. Es hie\u00df, dass stundenlanges Lernen am PC ungesund sei, es war alles verspannt und die Augen taten mir weh. Es funktionierte nicht alles so richtig, manchmal bekam ich nicht alle Arbeitsauftr\u00e4ge. In den Gesch\u00e4ften waren die Masken lange unangenehm und nervig, doch mit der Zeit gew\u00f6hnte ich mich an die Maske.<\/p><p>Die Coronazahlen stiegen und stiegen, doch pl\u00f6tzlich waren sie ganz niedrig, wir hatten nur noch drei F\u00e4lle in K\u00e4rnten. In den Gesch\u00e4ften brauchten wir keine Masken mehr und es war wieder Platz f\u00fcr andere Themen. Doch alle sprachen \u00fcber eine zweite Welle und so geschah es auch, es war verwirrend. Alles, was weg war, war wieder Pflicht. Doch Schule geht vor, sie startete wieder. Auch in der Schule ging es um Covid-19. Es musste ja so kommen, es war nur eine Frage der Zeit gewesen, wir hatten unseren ersten Coronafall in der Schule, im Ingeborg Bachmann Gymnasium. Die ganze betroffene Klasse wurde getestet, zum Gl\u00fcck waren alle, bis auf den schon bekannten positiven Fall, negativ. Und jetzt ist es immer noch nicht vorbei. Ich frage mich, wie lange es noch dauern wird, bis alles wieder normal ist.<\/p>\t\t\t\t\t\t<\/div>\n\t\t\t\t<\/div>\n\t\t\t\t\t<\/div>\n\t\t<\/div>\n\t\t\t\t\t<\/div>\n\t\t<\/section>\n\t\t\t\t<section class=\"elementor-section elementor-top-section elementor-element elementor-element-3e6c0aaa elementor-section-boxed elementor-section-height-default elementor-section-height-default\" data-id=\"3e6c0aaa\" data-element_type=\"section\">\n\t\t\t\t\t\t<div class=\"elementor-container elementor-column-gap-default\">\n\t\t\t\t\t<div class=\"elementor-column elementor-col-100 elementor-top-column elementor-element elementor-element-4a89d144\" data-id=\"4a89d144\" data-element_type=\"column\">\n\t\t\t<div class=\"elementor-widget-wrap elementor-element-populated\">\n\t\t\t\t\t\t<div class=\"elementor-element elementor-element-26ec3cb6 elementor-widget elementor-widget-text-editor\" data-id=\"26ec3cb6\" data-element_type=\"widget\" data-widget_type=\"text-editor.default\">\n\t\t\t\t<div class=\"elementor-widget-container\">\n\t\t\t\t\t\t\t<p style=\"text-align: center;\"><a href=\"https:\/\/mindmuseum.at\/index.php\/category\/bibliothek\/\">Zur\u00fcck zur \u00dcbersicht<\/a><\/p>\t\t\t\t\t\t<\/div>\n\t\t\t\t<\/div>\n\t\t\t\t\t<\/div>\n\t\t<\/div>\n\t\t\t\t\t<\/div>\n\t\t<\/section>\n\t\t\t\t<\/div>\n\t\t","protected":false},"excerpt":{"rendered":"<p>Corona \u2026 wie war Corona? Pl\u00f6tzlich wurde alles heruntergefahren. In der Schule herrschte pl\u00f6tzlich Maskenpflicht und alles war komisch, es war be\u00e4ngstigend. Ab dem 16.3.2020 wurden wir auf \u201eDistance Learning\u201c umgestellt, kaum zu glauben, dass aus einer kleinen Krankheit eine weltweite Pandemie wurde. Zuhause, als wir \u00fcber Video und E-Mail unsere \u00dcbungen bekamen, war das ein sehr komisches Gef\u00fchl. Im Radio kamen nur noch Meldungen \u00fcber Corona, alles andere war in Vergessenheit geraten. Es hie\u00df, dass stundenlanges Lernen am PC ungesund sei, es war alles verspannt und die Augen taten mir weh. Es funktionierte nicht alles so richtig, manchmal bekam ich nicht alle Arbeitsauftr\u00e4ge. In den Gesch\u00e4ften waren die Masken lange unangenehm und nervig, doch mit der Zeit gew\u00f6hnte ich mich an die Maske. Die Coronazahlen stiegen und stiegen, doch pl\u00f6tzlich waren sie ganz niedrig, [&hellip;]<\/p>\n","protected":false},"author":2,"featured_media":3795,"comment_status":"closed","ping_status":"closed","sticky":false,"template":"","format":"standard","meta":{"footnotes":""},"categories":[45,63,62],"tags":[46,85,64,282,97,47],"class_list":["post-5135","post","type-post","status-publish","format-standard","has-post-thumbnail","hentry","category-bibliothek","category-ingeborg-bachmann-gymnasium","category-schule","tag-corona","tag-distance-learning","tag-ingeborg-bachmann-gymnasium","tag-krankheit","tag-corona-pandemie","tag-schule"],"_links":{"self":[{"href":"https:\/\/mindmuseum.at\/index.php\/wp-json\/wp\/v2\/posts\/5135"}],"collection":[{"href":"https:\/\/mindmuseum.at\/index.php\/wp-json\/wp\/v2\/posts"}],"about":[{"href":"https:\/\/mindmuseum.at\/index.php\/wp-json\/wp\/v2\/types\/post"}],"author":[{"embeddable":true,"href":"https:\/\/mindmuseum.at\/index.php\/wp-json\/wp\/v2\/users\/2"}],"replies":[{"embeddable":true,"href":"https:\/\/mindmuseum.at\/index.php\/wp-json\/wp\/v2\/comments?post=5135"}],"version-history":[{"count":10,"href":"https:\/\/mindmuseum.at\/index.php\/wp-json\/wp\/v2\/posts\/5135\/revisions"}],"predecessor-version":[{"id":5645,"href":"https:\/\/mindmuseum.at\/index.php\/wp-json\/wp\/v2\/posts\/5135\/revisions\/5645"}],"wp:featuredmedia":[{"embeddable":true,"href":"https:\/\/mindmuseum.at\/index.php\/wp-json\/wp\/v2\/media\/3795"}],"wp:attachment":[{"href":"https:\/\/mindmuseum.at\/index.php\/wp-json\/wp\/v2\/media?parent=5135"}],"wp:term":[{"taxonomy":"category","embeddable":true,"href":"https:\/\/mindmuseum.at\/index.php\/wp-json\/wp\/v2\/categories?post=5135"},{"taxonomy":"post_tag","embeddable":true,"href":"https:\/\/mindmuseum.at\/index.php\/wp-json\/wp\/v2\/tags?post=5135"}],"curies":[{"name":"wp","href":"https:\/\/api.w.org\/{rel}","templated":true}]}}