{"id":3747,"date":"2020-11-19T08:04:22","date_gmt":"2020-11-19T08:04:22","guid":{"rendered":"https:\/\/mindmuseum.at\/?p=3747"},"modified":"2020-12-10T13:17:24","modified_gmt":"2020-12-10T13:17:24","slug":"die-epidemie-deren-namen-wir-alle-kennen","status":"publish","type":"post","link":"https:\/\/mindmuseum.at\/index.php\/2020\/11\/19\/die-epidemie-deren-namen-wir-alle-kennen\/","title":{"rendered":"Die Epidemie, deren Namen wir alle kennen"},"content":{"rendered":"\t\t<div data-elementor-type=\"wp-post\" data-elementor-id=\"3747\" class=\"elementor elementor-3747\">\n\t\t\t\t\t\t<section class=\"elementor-section elementor-top-section elementor-element elementor-element-9f39b39 elementor-section-boxed elementor-section-height-default elementor-section-height-default\" data-id=\"9f39b39\" data-element_type=\"section\">\n\t\t\t\t\t\t<div class=\"elementor-container elementor-column-gap-default\">\n\t\t\t\t\t<div class=\"elementor-column elementor-col-100 elementor-top-column elementor-element elementor-element-d957096\" data-id=\"d957096\" data-element_type=\"column\">\n\t\t\t<div class=\"elementor-widget-wrap elementor-element-populated\">\n\t\t\t\t\t\t<div class=\"elementor-element elementor-element-b5d089a elementor-drop-cap-yes elementor-drop-cap-view-default elementor-widget elementor-widget-text-editor\" data-id=\"b5d089a\" data-element_type=\"widget\" data-settings=\"{&quot;drop_cap&quot;:&quot;yes&quot;}\" data-widget_type=\"text-editor.default\">\n\t\t\t\t<div class=\"elementor-widget-container\">\n\t\t\t\t\t\t\t<p>Nun leben wir schon \u00fcber ein halbes Jahr damit, wobei, kann man dies wirklich ein Leben nennen? Ich kann mich noch gut an Anfang M\u00e4rz letzten Jahres erinnern, wo ich durch reinen Zufall auf ein Video von dem Coronavirus gesto\u00dfen bin und es so nebenbei beim Abendessen erz\u00e4hlt habe. Meine Familie und ich haben uns fast schon etwas l\u00e4cherlich dar\u00fcber gemacht und uns gedacht, was geht uns denn das an? Das Virus ist doch in China, das ist so weit weg, das kommt doch nie im Leben zu uns.<\/p><p>Bald darauf hatten meine Klasse und ich die einw\u00f6chige Sprachrei\u00dfe nach Irland. Wir fuhren also nach Galway mit einem normalen Gef\u00fchl, welches man halt so hat, wenn man verreist. Doch was dann auf uns zu kam, h\u00e4tte sich keiner vorstellen k\u00f6nnen. Wir kamen noch so und so \u00fcber die Grenze von Deutschland und \u00d6sterreich, die Schulen, Gesch\u00e4fte alles war zu, die Stadt sah aus wie ausgestorben. Ich kann mich noch genau erinnern wie ruhig es war, kein Auto, nichts, es herrschte pure Stille in Klagenfurt. Aber viel dachte ich mir auch hier nicht, ich dachte nur: \u201cWie cool keine Schule.\u201c<\/p><p>Dann fing es mit der Quarant\u00e4ne an, alle mussten zu Hause bleiben, man durfte niemanden mehr treffen, man desozialisierte. Aber gut, die meisten hatten den 1. Lockdown \u00fcberstanden und wir durften teilweise auch wieder in die Schulen und dann standen auch schon die Sommerferien vor der T\u00fcr. Da dachte ich mir: \u201eEndlich ist alles vorbei!\u201c. Da ich in den Sommerferien, wie das Jahr zuvor, arbeiten ging und au\u00dfer einem Plexi-Glas zwischen mir und den Kunden gab es keine gro\u00dfe Ver\u00e4nderung.<\/p><p>Doch nun sitzen wir wieder alle hier, zu Hause, im 2. Lockdown. Ich habe keine Ahnung, wie es diese Mal ausgehen wird. Doch mit den ganzen Beschr\u00e4nkungen, die es gibt, nenne ich das hier kein erf\u00fclltes Leben, ich habe jeden Tag denselben Ablauf. Aufstehen, vor dem Computer setzen, Online-Unterricht \u00fcberstehen, Mittagessen, Haus\u00fcbung machen und wieder ins Bett gehen. Ich hoffe wirklich, dass wir bald eine bessere L\u00f6sung als diese hier finden und dass wir diese Epidemie gut \u00fcberstehen werden.<\/p>\t\t\t\t\t\t<\/div>\n\t\t\t\t<\/div>\n\t\t\t\t<div class=\"elementor-element elementor-element-b8d1336 elementor-widget elementor-widget-text-editor\" data-id=\"b8d1336\" data-element_type=\"widget\" data-widget_type=\"text-editor.default\">\n\t\t\t\t<div class=\"elementor-widget-container\">\n\t\t\t\t\t\t\t<p><a href=\"https:\/\/mindmuseum.at\/index.php\/category\/bibliothek\/\">Zur\u00fcck zur \u00dcbersicht<\/a><\/p>\t\t\t\t\t\t<\/div>\n\t\t\t\t<\/div>\n\t\t\t\t\t<\/div>\n\t\t<\/div>\n\t\t\t\t\t<\/div>\n\t\t<\/section>\n\t\t\t\t<\/div>\n\t\t","protected":false},"excerpt":{"rendered":"<p>Nun leben wir schon \u00fcber ein halbes Jahr damit, wobei, kann man dies wirklich ein Leben nennen? Ich kann mich noch gut an Anfang M\u00e4rz letzten Jahres erinnern, wo ich durch reinen Zufall auf ein Video von dem Coronavirus gesto\u00dfen bin und es so nebenbei beim Abendessen erz\u00e4hlt habe. Meine Familie und ich haben uns fast schon etwas l\u00e4cherlich dar\u00fcber gemacht und uns gedacht, was geht uns denn das an? Das Virus ist doch in China, das ist so weit weg, das kommt doch nie im Leben zu uns. Bald darauf hatten meine Klasse und ich die einw\u00f6chige Sprachrei\u00dfe nach Irland. Wir fuhren also nach Galway mit einem normalen Gef\u00fchl, welches man halt so hat, wenn man verreist. Doch was dann auf uns zu kam, h\u00e4tte sich keiner vorstellen k\u00f6nnen. Wir kamen noch so und [&hellip;]<\/p>\n","protected":false},"author":2,"featured_media":3861,"comment_status":"closed","ping_status":"closed","sticky":false,"template":"","format":"standard","meta":{"footnotes":""},"categories":[45,63,62],"tags":[279,104,64,60,152],"class_list":["post-3747","post","type-post","status-publish","format-standard","has-post-thumbnail","hentry","category-bibliothek","category-ingeborg-bachmann-gymnasium","category-schule","tag-ausgangssperren","tag-corona-virus","tag-ingeborg-bachmann-gymnasium","tag-lockdown","tag-masnahmen"],"_links":{"self":[{"href":"https:\/\/mindmuseum.at\/index.php\/wp-json\/wp\/v2\/posts\/3747"}],"collection":[{"href":"https:\/\/mindmuseum.at\/index.php\/wp-json\/wp\/v2\/posts"}],"about":[{"href":"https:\/\/mindmuseum.at\/index.php\/wp-json\/wp\/v2\/types\/post"}],"author":[{"embeddable":true,"href":"https:\/\/mindmuseum.at\/index.php\/wp-json\/wp\/v2\/users\/2"}],"replies":[{"embeddable":true,"href":"https:\/\/mindmuseum.at\/index.php\/wp-json\/wp\/v2\/comments?post=3747"}],"version-history":[{"count":15,"href":"https:\/\/mindmuseum.at\/index.php\/wp-json\/wp\/v2\/posts\/3747\/revisions"}],"predecessor-version":[{"id":5315,"href":"https:\/\/mindmuseum.at\/index.php\/wp-json\/wp\/v2\/posts\/3747\/revisions\/5315"}],"wp:featuredmedia":[{"embeddable":true,"href":"https:\/\/mindmuseum.at\/index.php\/wp-json\/wp\/v2\/media\/3861"}],"wp:attachment":[{"href":"https:\/\/mindmuseum.at\/index.php\/wp-json\/wp\/v2\/media?parent=3747"}],"wp:term":[{"taxonomy":"category","embeddable":true,"href":"https:\/\/mindmuseum.at\/index.php\/wp-json\/wp\/v2\/categories?post=3747"},{"taxonomy":"post_tag","embeddable":true,"href":"https:\/\/mindmuseum.at\/index.php\/wp-json\/wp\/v2\/tags?post=3747"}],"curies":[{"name":"wp","href":"https:\/\/api.w.org\/{rel}","templated":true}]}}