{"id":3394,"date":"2020-11-18T11:42:08","date_gmt":"2020-11-18T11:42:08","guid":{"rendered":"https:\/\/mindmuseum.at\/?p=3394"},"modified":"2020-11-20T10:44:05","modified_gmt":"2020-11-20T10:44:05","slug":"osterhaschen-vor-der-ture","status":"publish","type":"post","link":"https:\/\/mindmuseum.at\/index.php\/2020\/11\/18\/osterhaschen-vor-der-ture\/","title":{"rendered":"Osterh\u00e4schen vor der T\u00fcr"},"content":{"rendered":"\t\t<div data-elementor-type=\"wp-post\" data-elementor-id=\"3394\" class=\"elementor elementor-3394\">\n\t\t\t\t\t\t<section class=\"elementor-section elementor-top-section elementor-element elementor-element-9f39b39 elementor-section-boxed elementor-section-height-default elementor-section-height-default\" data-id=\"9f39b39\" data-element_type=\"section\">\n\t\t\t\t\t\t<div class=\"elementor-container elementor-column-gap-default\">\n\t\t\t\t\t<div class=\"elementor-column elementor-col-100 elementor-top-column elementor-element elementor-element-d957096\" data-id=\"d957096\" data-element_type=\"column\">\n\t\t\t<div class=\"elementor-widget-wrap elementor-element-populated\">\n\t\t\t\t\t\t<div class=\"elementor-element elementor-element-4cde981 elementor-drop-cap-yes elementor-drop-cap-view-default elementor-widget elementor-widget-text-editor\" data-id=\"4cde981\" data-element_type=\"widget\" data-settings=\"{&quot;drop_cap&quot;:&quot;yes&quot;}\" data-widget_type=\"text-editor.default\">\n\t\t\t\t<div class=\"elementor-widget-container\">\n\t\t\t\t\t\t\t<p>Die Corona-Zeit ist wahrscheinlich nicht die sch\u00f6nste Zeit f\u00fcr alle. Ich erz\u00e4hle euch, wie es bei mir war bzw. wie es jetzt ist: Im J\u00e4nner 2020 haben wir, das sind Paulina, Valeria, Nikolas, Mama, Papa und ich, mitbekommen, dass in China, wo das COVID-19 herkommt, viele Menschen am Virus erkrankt sind. Im J\u00e4nner\/Feber sind auch in Europa die ersten Corona-F\u00e4lle aufgetreten, am st\u00e4rksten betroffen ist Italien gewesen. In Italien sind die Krankenh\u00e4user so \u00fcberf\u00fcllt gewesen, dass sie Zelte aufbauen mussten. Gleich darauf im M\u00e4rz ist dann auch das Corona-Virus zu uns nach \u00d6sterreich gekommen. \u00a0Es hat einen Lockdown gegeben. Wir \u00d6sterreicher haben sehr viel Klopapier, Fl\u00fcssigseife und Essen gekauft. Die Sch\u00fcler\/innen sind von den Lehrer\/innen \u00fcber Homeoffice unterrichtet geworden. Ich habe von meinen Volksschullehrern Wochenauftr\u00e4ge bekommen. Mein Bruder hat am 17. M\u00e4rz Geburtstag gehabt, leider haben wir seine Party nicht feiern k\u00f6nnen. Bei meinem Geburtstag am 7. April haben meine Mama und ich Osterh\u00e4schen gemacht und den Freunden vor die T\u00fcre gebracht. Um 17:00 Uhr haben wir telefoniert, gelacht und unseren Hasen verputzt. Im Juli hat es dann Schichtwechsel gegeben. Das bedeutet Gruppe A und Gruppe B haben sich in der Schule abwechseln m\u00fcssen. In den Sommerferien hat es weniger Corona-F\u00e4lle gegeben. Die Ferien sind vergangen. Als ich ins Bachmann-Gymnasium gekommen bin, haben wir Masken tragen m\u00fcssen und wir haben schnell unsere Schul-Mail fixiert. Jetzt sind die Herbstferien.<\/p><p>Vor zwei Tagen wurde bekannt gegeben, dass zwei Betreuer von Nikolas Krabbelstube an COVID-19 erkrankt sind. Das Schlimme: Unter ihnen ist Nicole, die Mutter unserer Babysitterin Simone. Simone ist am Beginn der Ferien bei uns gewesen. Ich hoffe, dass\u00a0jeder gesund bleibt und wie es weiter geht, das wei\u00df nicht mal ich!!!<\/p>\t\t\t\t\t\t<\/div>\n\t\t\t\t<\/div>\n\t\t\t\t\t<\/div>\n\t\t<\/div>\n\t\t\t\t\t<\/div>\n\t\t<\/section>\n\t\t\t\t<section class=\"elementor-section elementor-top-section elementor-element elementor-element-2e5fc919 elementor-section-boxed elementor-section-height-default elementor-section-height-default\" data-id=\"2e5fc919\" data-element_type=\"section\">\n\t\t\t\t\t\t<div class=\"elementor-container elementor-column-gap-default\">\n\t\t\t\t\t<div class=\"elementor-column elementor-col-100 elementor-top-column elementor-element elementor-element-2ef7ddfc\" data-id=\"2ef7ddfc\" data-element_type=\"column\">\n\t\t\t<div class=\"elementor-widget-wrap elementor-element-populated\">\n\t\t\t\t\t\t<div class=\"elementor-element elementor-element-3787ad43 elementor-widget elementor-widget-text-editor\" data-id=\"3787ad43\" data-element_type=\"widget\" data-widget_type=\"text-editor.default\">\n\t\t\t\t<div class=\"elementor-widget-container\">\n\t\t\t\t\t\t\t<p style=\"text-align: center;\"><a href=\"https:\/\/mindmuseum.at\/index.php\/category\/bibliothek\/\">Zur\u00fcck zur \u00dcbersicht<\/a><\/p>\t\t\t\t\t\t<\/div>\n\t\t\t\t<\/div>\n\t\t\t\t\t<\/div>\n\t\t<\/div>\n\t\t\t\t\t<\/div>\n\t\t<\/section>\n\t\t\t\t<\/div>\n\t\t","protected":false},"excerpt":{"rendered":"<p>Die Corona-Zeit ist wahrscheinlich nicht die sch\u00f6nste Zeit f\u00fcr alle. Ich erz\u00e4hle euch, wie es bei mir war bzw. wie es jetzt ist: Im J\u00e4nner 2020 haben wir, das sind Paulina, Valeria, Nikolas, Mama, Papa und ich, mitbekommen, dass in China, wo das COVID-19 herkommt, viele Menschen am Virus erkrankt sind. Im J\u00e4nner\/Feber sind auch in Europa die ersten Corona-F\u00e4lle aufgetreten, am st\u00e4rksten betroffen ist Italien gewesen. In Italien sind die Krankenh\u00e4user so \u00fcberf\u00fcllt gewesen, dass sie Zelte aufbauen mussten. Gleich darauf im M\u00e4rz ist dann auch das Corona-Virus zu uns nach \u00d6sterreich gekommen. \u00a0Es hat einen Lockdown gegeben. Wir \u00d6sterreicher haben sehr viel Klopapier, Fl\u00fcssigseife und Essen gekauft. Die Sch\u00fcler\/innen sind von den Lehrer\/innen \u00fcber Homeoffice unterrichtet geworden. Ich habe von meinen Volksschullehrern Wochenauftr\u00e4ge bekommen. Mein Bruder hat am 17. M\u00e4rz Geburtstag gehabt, leider [&hellip;]<\/p>\n","protected":false},"author":2,"featured_media":3779,"comment_status":"closed","ping_status":"closed","sticky":false,"template":"","format":"standard","meta":{"footnotes":""},"categories":[45,63,62],"tags":[46,64,123,50],"class_list":["post-3394","post","type-post","status-publish","format-standard","has-post-thumbnail","hentry","category-bibliothek","category-ingeborg-bachmann-gymnasium","category-schule","tag-corona","tag-ingeborg-bachmann-gymnasium","tag-ostern","tag-virus"],"_links":{"self":[{"href":"https:\/\/mindmuseum.at\/index.php\/wp-json\/wp\/v2\/posts\/3394"}],"collection":[{"href":"https:\/\/mindmuseum.at\/index.php\/wp-json\/wp\/v2\/posts"}],"about":[{"href":"https:\/\/mindmuseum.at\/index.php\/wp-json\/wp\/v2\/types\/post"}],"author":[{"embeddable":true,"href":"https:\/\/mindmuseum.at\/index.php\/wp-json\/wp\/v2\/users\/2"}],"replies":[{"embeddable":true,"href":"https:\/\/mindmuseum.at\/index.php\/wp-json\/wp\/v2\/comments?post=3394"}],"version-history":[{"count":14,"href":"https:\/\/mindmuseum.at\/index.php\/wp-json\/wp\/v2\/posts\/3394\/revisions"}],"predecessor-version":[{"id":4245,"href":"https:\/\/mindmuseum.at\/index.php\/wp-json\/wp\/v2\/posts\/3394\/revisions\/4245"}],"wp:featuredmedia":[{"embeddable":true,"href":"https:\/\/mindmuseum.at\/index.php\/wp-json\/wp\/v2\/media\/3779"}],"wp:attachment":[{"href":"https:\/\/mindmuseum.at\/index.php\/wp-json\/wp\/v2\/media?parent=3394"}],"wp:term":[{"taxonomy":"category","embeddable":true,"href":"https:\/\/mindmuseum.at\/index.php\/wp-json\/wp\/v2\/categories?post=3394"},{"taxonomy":"post_tag","embeddable":true,"href":"https:\/\/mindmuseum.at\/index.php\/wp-json\/wp\/v2\/tags?post=3394"}],"curies":[{"name":"wp","href":"https:\/\/api.w.org\/{rel}","templated":true}]}}