{"id":2852,"date":"2020-11-16T09:36:20","date_gmt":"2020-11-16T09:36:20","guid":{"rendered":"https:\/\/mindmuseum.at\/?p=2852"},"modified":"2021-02-05T10:18:02","modified_gmt":"2021-02-05T10:18:02","slug":"die-welt-nach-corona","status":"publish","type":"post","link":"https:\/\/mindmuseum.at\/index.php\/2020\/11\/16\/die-welt-nach-corona\/","title":{"rendered":"Die Welt nach Corona"},"content":{"rendered":"\t\t<div data-elementor-type=\"wp-post\" data-elementor-id=\"2852\" class=\"elementor elementor-2852\">\n\t\t\t\t\t\t<section class=\"elementor-section elementor-top-section elementor-element elementor-element-9709f6c elementor-section-boxed elementor-section-height-default elementor-section-height-default\" data-id=\"9709f6c\" data-element_type=\"section\">\n\t\t\t\t\t\t<div class=\"elementor-container elementor-column-gap-default\">\n\t\t\t\t\t<div class=\"elementor-column elementor-col-100 elementor-top-column elementor-element elementor-element-65f1cda\" data-id=\"65f1cda\" data-element_type=\"column\">\n\t\t\t<div class=\"elementor-widget-wrap elementor-element-populated\">\n\t\t\t\t\t\t<div class=\"elementor-element elementor-element-c0fb8a6 elementor-drop-cap-yes elementor-drop-cap-view-default elementor-widget elementor-widget-text-editor\" data-id=\"c0fb8a6\" data-element_type=\"widget\" data-settings=\"{&quot;drop_cap&quot;:&quot;yes&quot;}\" data-widget_type=\"text-editor.default\">\n\t\t\t\t<div class=\"elementor-widget-container\">\n\t\t\t\t\t\t\t<p>Ich spreche heute in diesem Text \u00fcber die Corona-Krise, die wir im Fr\u00fchling 2020 hatten und \u00fcber meine Sichtweise wie wir diese Krise \u00fcberwunden haben und wie sich die Welt ver\u00e4ndert hat in jener Zeit. Hatte der Virus einen positiven Effekt auf das Leben? F\u00fcr mich war dieser Zeitraum hart und nicht unbedingt eine Verbesserung meines Lebens, aber es hat meine Ansichten auf ein paar Dinge ver\u00e4ndert.<\/p><p>Zun\u00e4chst m\u00f6chte ich Euer Augenmerk auf die Situation der Maturanten, Sch\u00fcler und Lehrer lenken. Ich kann zwar nicht viel zu der Perspektive der Maturanten und Lehrern sagen, aber als Sch\u00fcler gefiel mir diese Situation gar nicht. Die L\u00f6sung f\u00fcr das Fernbleiben von der Schule war Homeschooling, die Idee an sich war nicht schlecht, aber die Umsetzung l\u00e4sst zu w\u00fcnschen \u00fcbrig. Ich hatte drei Apps auf meinem Handy und auf meinem Laptop installiert und zus\u00e4tzlich dazu kam auch noch die neue Lernplattform, die ma\u00dflos \u00fcberbelastet war. Als Sch\u00fcler wusste man nie, wann und wo eine neue Aufgabe zu machen war, man hatte Angst, dass man etwas verpasst. Was ist, wenn ein Lehrer ausgerechnet dir nicht die Aufgabenstellung schickt? Leider gab es diese Momente mehr als nur einmal. Es kommt noch dazu, dass man nie richtig Freizeit hatte, wie man sich das vorstellte. Jeden Moment konnte eine neue Aufgabe geschickt werden und f\u00fcr mich war das echt stressig, da ich das Verlangen habe, immer alles so schnell zu machen wie es nur geht.<\/p><p>Ein weiterer wichtiger Punkt war die Vermeidung gewisser sozialer Kontakte. Man sollte soziale Kontakte zu Personen, mit denen man nicht im selben Haus lebte, und besonders sollte man seine Gro\u00dfeltern und kranke Personen nicht besuchen. Das empfand ich als schwierig, weil ich meine Freunde nach wenigen Tagen schon vermisste, aber meine Gro\u00dfeltern vermisste ich genauso, da ich sie schon seit einer Weile nicht mehr gesehen habe. Denn normalerweise sehe ich meine Gro\u00dfeltern alle zwei Wochen und meine Freunde so gut wie jeden Tag. Am Ende hat es sich aber gelohnt, da sie jetzt gesund und munter sind.<\/p><p>Zuerst dachte ich mir damals, dass es sich nicht lohnt, die Schule zu schlie\u00dfen, da es nicht so ernst schien. Man machte am Anfang noch Witze dar\u00fcber, dass die Schule geschlossen wird und dass wir unter Quarant\u00e4ne stehen. Als diese Witze Realit\u00e4t wurden, war es nicht mehr witzig, sondern be\u00e4ngstigend, besonders heftig war es, weil wir zu dem Zeitpunkt in Irland waren und nur noch Angst hatten und so schnell wie m\u00f6glich nach Hause wollten. Wir alle h\u00f6rten alle m\u00f6glichen Horrorgeschichten z. B., dass wir f\u00fcr zwei Wochen in Quarant\u00e4ne gesteckt werden. Die wenigen Wochen danach waren aber nicht so schrecklich wie bef\u00fcrchtet, man war die ganze Zeit mit Dingen f\u00fcr die Schule besch\u00e4ftigt und hatte keine Zeit mehr so richtig \u00fcber diese Pandemie nachzudenken. Als schlussendlich alles vorbei war, waren alle gl\u00fccklich, dass diese Entscheidung getroffen worden ist. Vielen Menschen ist in dieser Zeit bewusst geworden, wie schwer es ist, seine Familie und Freunde nicht zu sehen und man sch\u00e4tzte einander mehr als davor.<\/p><p>Abschlie\u00dfend l\u00e4sst sich sagen, dass es eine harte Zeit f\u00fcr manche Menschen ist, aber dass man sich am Ende mehr wertsch\u00e4tzt und auch zusammengewachsen ist und dass man die L\u00f6sung f\u00fcr die Schule in solchen Momenten verbessern sollte.<\/p>\t\t\t\t\t\t<\/div>\n\t\t\t\t<\/div>\n\t\t\t\t<div class=\"elementor-element elementor-element-4dc7cd6 elementor-widget elementor-widget-text-editor\" data-id=\"4dc7cd6\" data-element_type=\"widget\" data-widget_type=\"text-editor.default\">\n\t\t\t\t<div class=\"elementor-widget-container\">\n\t\t\t\t\t\t\t<p><a href=\"https:\/\/mindmuseum.at\/index.php\/category\/bibliothek\/\">Zur\u00fcck zur \u00dcbersicht<\/a><\/p>\t\t\t\t\t\t<\/div>\n\t\t\t\t<\/div>\n\t\t\t\t\t<\/div>\n\t\t<\/div>\n\t\t\t\t\t<\/div>\n\t\t<\/section>\n\t\t\t\t<\/div>\n\t\t","protected":false},"excerpt":{"rendered":"<p>Ich spreche heute in diesem Text \u00fcber die Corona-Krise, die wir im Fr\u00fchling 2020 hatten und \u00fcber meine Sichtweise wie wir diese Krise \u00fcberwunden haben und wie sich die Welt ver\u00e4ndert hat in jener Zeit. Hatte der Virus einen positiven Effekt auf das Leben? F\u00fcr mich war dieser Zeitraum hart und nicht unbedingt eine Verbesserung meines Lebens, aber es hat meine Ansichten auf ein paar Dinge ver\u00e4ndert. Zun\u00e4chst m\u00f6chte ich Euer Augenmerk auf die Situation der Maturanten, Sch\u00fcler und Lehrer lenken. Ich kann zwar nicht viel zu der Perspektive der Maturanten und Lehrern sagen, aber als Sch\u00fcler gefiel mir diese Situation gar nicht. Die L\u00f6sung f\u00fcr das Fernbleiben von der Schule war Homeschooling, die Idee an sich war nicht schlecht, aber die Umsetzung l\u00e4sst zu w\u00fcnschen \u00fcbrig. Ich hatte drei Apps auf meinem Handy und [&hellip;]<\/p>\n","protected":false},"author":2,"featured_media":2943,"comment_status":"closed","ping_status":"closed","sticky":false,"template":"","format":"standard","meta":{"footnotes":""},"categories":[45,63,62],"tags":[87,64,184,47],"class_list":["post-2852","post","type-post","status-publish","format-standard","has-post-thumbnail","hentry","category-bibliothek","category-ingeborg-bachmann-gymnasium","category-schule","tag-homeschooling","tag-ingeborg-bachmann-gymnasium","tag-irland","tag-schule"],"_links":{"self":[{"href":"https:\/\/mindmuseum.at\/index.php\/wp-json\/wp\/v2\/posts\/2852"}],"collection":[{"href":"https:\/\/mindmuseum.at\/index.php\/wp-json\/wp\/v2\/posts"}],"about":[{"href":"https:\/\/mindmuseum.at\/index.php\/wp-json\/wp\/v2\/types\/post"}],"author":[{"embeddable":true,"href":"https:\/\/mindmuseum.at\/index.php\/wp-json\/wp\/v2\/users\/2"}],"replies":[{"embeddable":true,"href":"https:\/\/mindmuseum.at\/index.php\/wp-json\/wp\/v2\/comments?post=2852"}],"version-history":[{"count":23,"href":"https:\/\/mindmuseum.at\/index.php\/wp-json\/wp\/v2\/posts\/2852\/revisions"}],"predecessor-version":[{"id":5748,"href":"https:\/\/mindmuseum.at\/index.php\/wp-json\/wp\/v2\/posts\/2852\/revisions\/5748"}],"wp:featuredmedia":[{"embeddable":true,"href":"https:\/\/mindmuseum.at\/index.php\/wp-json\/wp\/v2\/media\/2943"}],"wp:attachment":[{"href":"https:\/\/mindmuseum.at\/index.php\/wp-json\/wp\/v2\/media?parent=2852"}],"wp:term":[{"taxonomy":"category","embeddable":true,"href":"https:\/\/mindmuseum.at\/index.php\/wp-json\/wp\/v2\/categories?post=2852"},{"taxonomy":"post_tag","embeddable":true,"href":"https:\/\/mindmuseum.at\/index.php\/wp-json\/wp\/v2\/tags?post=2852"}],"curies":[{"name":"wp","href":"https:\/\/api.w.org\/{rel}","templated":true}]}}